{"id":4758,"date":"2026-04-28T20:11:05","date_gmt":"2026-04-29T03:11:05","guid":{"rendered":"https:\/\/ukrainedefensesupport.org\/?p=4758"},"modified":"2026-04-28T20:21:22","modified_gmt":"2026-04-29T03:21:22","slug":"ukrainian-military-officer-to-join-us","status":"publish","type":"post","link":"https:\/\/ukrainedefensesupport.org\/hu\/blog\/ukrainian-military-officer-to-join-us\/","title":{"rendered":"Ukr\u00e1n katonatiszt is csatlakozik hozz\u00e1nk 2026-os bankett\u00fcnk\u00f6n"},"content":{"rendered":"<p><span style=\"font-weight: 400;\">Az UDS mindannyian izgatottan \u00e9s megtiszteltet\u00e9snek \u00e9rezz\u00fck, hogy egy ukr\u00e1n katonatisztet \u00fcdv\u00f6z\u00f6lhet\u00fcnk a Szabads\u00e1g Ukrajn\u00e1\u00e9rt banketten \u00e9s \u00e1rver\u00e9sen m\u00e1jus 16-\u00e1n. Mykyta Zhuiko 2005 \u00f3ta szolg\u00e1l az ukr\u00e1n fegyveres er\u0151kn\u00e9l, \u00e9s hamarosan inform\u00e1ci\u00f3s strat\u00e9gia \u00e9s politikai hadvisel\u00e9s szakon szerez mesterdiplom\u00e1t a rangos Monterey-i Haditenger\u00e9szeti Posztgradu\u00e1lis Iskol\u00e1ban.\u00a0<\/span><\/p>\n<p><span style=\"font-weight: 400;\">Mykyta hossz\u00fa \u00e9s kiemelked\u0151 karriert tudhat maga m\u00f6g\u00f6tt az ukr\u00e1n fegyveres er\u0151kn\u00e9l, sz\u00e1zadosk\u00e9nt szolg\u00e1lt a hadseregben, valamint egy \u00e9vig az ENSZ d\u00e9l-szud\u00e1ni misszi\u00f3j\u00e1nak tagjak\u00e9nt. Ezt k\u00f6vet\u0151en el\u0151l\u00e9ptett\u00e9k az ukr\u00e1n fegyveres er\u0151k Strat\u00e9giai Kommunik\u00e1ci\u00f3s Igazgat\u00f3s\u00e1g\u00e1nak (StratCom) Elemz\u0151 \u00e9s Megfigyel\u0151 Oszt\u00e1ly\u00e1ra, hogy katonai kommunik\u00e1ci\u00f3s szolg\u00e1latot teljes\u00edtsen.\u00a0<\/span><\/p>\n<p><span style=\"font-weight: 400;\">A StratComn\u00e1l t\u00f6lt\u00f6tt ideje alatt humanit\u00e1rius feladatokat \u00e9s az ellens\u00e9ges propaganda elleni k\u00fczdelmet is bet\u00f6lt\u00f6tt. Emellett sz\u00e9lesk\u00f6r\u0171 kik\u00e9pz\u00e9sben \u00e9s tapasztalattal rendelkezik az ukr\u00e1n k\u00fcl\u00f6nleges er\u0151k \u00e9s pszichol\u00f3giai m\u0171veletek ter\u00e9n. Ezen feladatok n\u00e9melyike mag\u00e1ban foglalja mind a polg\u00e1ri, mind a k\u00fcl\u00fcgyi munk\u00e1t, valamint a polg\u00e1ri-katonai egy\u00fcttm\u0171k\u00f6d\u00e9st. Mykyta tapasztalattal rendelkezik az ukr\u00e1n \u201csz\u00fcrke z\u00f3n\u00e1kban\u201d, a frontvonal k\u00f6zel\u00e9ben fekv\u0151 ter\u00fcleteken \u00e9l\u0151k seg\u00edt\u00e9s\u00e9ben is, ahol az emberek szinte \u00e1lland\u00f3 harci k\u00f6r\u00fclm\u00e9nyekkel szembes\u00fclnek, \u00e9s seg\u00edtett seg\u00e9lyeket k\u00fcldeni az ideiglenesen megsz\u00e1llt ukr\u00e1n ter\u00fcleteken \u00e9l\u0151 ukr\u00e1noknak is.\u00a0<\/span><\/p>\n<p><span style=\"font-weight: 400;\">Amikor Oroszorsz\u00e1g 2022-ben megkezdte teljes k\u00f6r\u0171 inv\u00e1zi\u00f3j\u00e1t, Mykyta az Egyes\u00fclt \u00c1llamokban volt kik\u00e9pz\u00e9sen, m\u00edg a feles\u00e9ge Kijevben. A feles\u00e9ge \u00fagy d\u00f6nt\u00f6tt, hogy nem evaku\u00e1l. \u201cNeh\u00e9z volt. Minden nap agg\u00f3dtam\u201d \u2013 mondta. Miut\u00e1n 2022 m\u00e1jus\u00e1ban visszat\u00e9rt, folytatta szolg\u00e1lat\u00e1t a StratCom-ban, \u00e9s k\u00e9t \u00e9ven bel\u00fcl tiszti poz\u00edci\u00f3b\u00f3l a r\u00e9szleg vezet\u0151j\u00e9v\u00e9 l\u00e9ptett\u00e9k el\u0151.<\/span><\/p>\n<p><span style=\"font-weight: 400;\">Mykyta feles\u00e9ge csatlakozott hozz\u00e1 jelenlegi amerikai gyakornoki tart\u00f3zkod\u00e1sa alatt, \u00e9s a k\u00f6zelg\u0151 bankett\u00fcnk\u00f6n is ott lesz.\u00a0<\/span><\/p>\n<p><span style=\"font-weight: 400;\">Miut\u00e1n j\u00faniusban elv\u00e9gzi tanulm\u00e1nyait, Mykyta azt tervezi, hogy visszat\u00e9r Ukrajn\u00e1ba, \u00e9s tov\u00e1bbra is haz\u00e1j\u00e1t szolg\u00e1lja.\u00a0<\/span><\/p>\n<p><a href=\"https:\/\/ukrainedefensesupport.org\/hu\/events\/freedom-for-ukraine-banquet\/\" target=\"_blank\" rel=\"noopener\"><strong>L\u00e1togassa meg bankett weboldalunkat<\/strong><\/a> Tov\u00e1bbi inform\u00e1ci\u00f3k\u00e9rt az \u00e9v legnagyobb adom\u00e1nygy\u0171jt\u0151 akci\u00f3j\u00e1r\u00f3l \u00e9s jegyv\u00e1s\u00e1rl\u00e1s\u00e9rt 2026. m\u00e1jus 10-ig.<\/p>","protected":false},"excerpt":{"rendered":"<p>All of us at UDS are excited and honored to welcome a Ukrainian military officer to our Freedom for Ukraine Banquet &amp; Auction on May 16. Mykyta Zhuiko has been serving in the Armed Forces of Ukraine since 2005 and is about to graduate from the prestigious Naval Postgraduate School in Monterey, CA, with a [&hellip;]<\/p>\n","protected":false},"author":25,"featured_media":4756,"comment_status":"closed","ping_status":"closed","sticky":false,"template":"","format":"standard","meta":{"_acf_changed":false,"footnotes":""},"categories":[42],"tags":[],"class_list":["post-4758","post","type-post","status-publish","format-standard","has-post-thumbnail","hentry","category-blog"],"acf":[],"_links":{"self":[{"href":"https:\/\/ukrainedefensesupport.org\/hu\/wp-json\/wp\/v2\/posts\/4758","targetHints":{"allow":["GET"]}}],"collection":[{"href":"https:\/\/ukrainedefensesupport.org\/hu\/wp-json\/wp\/v2\/posts"}],"about":[{"href":"https:\/\/ukrainedefensesupport.org\/hu\/wp-json\/wp\/v2\/types\/post"}],"author":[{"embeddable":true,"href":"https:\/\/ukrainedefensesupport.org\/hu\/wp-json\/wp\/v2\/users\/25"}],"replies":[{"embeddable":true,"href":"https:\/\/ukrainedefensesupport.org\/hu\/wp-json\/wp\/v2\/comments?post=4758"}],"version-history":[{"count":0,"href":"https:\/\/ukrainedefensesupport.org\/hu\/wp-json\/wp\/v2\/posts\/4758\/revisions"}],"wp:featuredmedia":[{"embeddable":true,"href":"https:\/\/ukrainedefensesupport.org\/hu\/wp-json\/wp\/v2\/media\/4756"}],"wp:attachment":[{"href":"https:\/\/ukrainedefensesupport.org\/hu\/wp-json\/wp\/v2\/media?parent=4758"}],"wp:term":[{"taxonomy":"category","embeddable":true,"href":"https:\/\/ukrainedefensesupport.org\/hu\/wp-json\/wp\/v2\/categories?post=4758"},{"taxonomy":"post_tag","embeddable":true,"href":"https:\/\/ukrainedefensesupport.org\/hu\/wp-json\/wp\/v2\/tags?post=4758"}],"curies":[{"name":"munkaf\u00fczet","href":"https:\/\/api.w.org\/{rel}","templated":true}]}}